{"id":1442,"date":"2020-02-03T10:34:21","date_gmt":"2020-02-03T09:34:21","guid":{"rendered":"http:\/\/localhost:8181\/?p=1442"},"modified":"2020-09-03T10:47:40","modified_gmt":"2020-09-03T08:47:40","slug":"fler-miljohus-hos-osterlenhem","status":"publish","type":"post","link":"https:\/\/www.welandudemiljo.dk\/sv\/fler-miljohus-hos-osterlenhem\/","title":{"rendered":"Fler milj\u00f6hus hos \u00d6sterlenhem"},"content":{"rendered":"\n<div class=\"wp-block-cover alignfull has-custom-content-position is-position-bottom-left\" style=\"background-image:url(http:\/\/localhost:8181\/wp-content\/uploads\/2020\/09\/top_image_tellus30-1.jpg)\"><div class=\"wp-block-cover__inner-container is-layout-flow wp-block-cover-is-layout-flow\">\n<div class=\"wp-block-group has-grev-rgba-background-color has-background\"><div class=\"wp-block-group__inner-container is-layout-flow wp-block-group-is-layout-flow\">\n<h2 class=\"has-black-color has-text-color wp-block-heading\">Fler milj\u00f6hus hos \u00d6sterlenhem<\/h2>\n\n\n\n<p class=\"has-black-color has-text-color\">\u00d6sterlenhem valde Tellus milj\u00f6hus och Ymer cykelskydd med sedumtak fr\u00e5n Weland Utemilj\u00f6 till renoveringen av utemilj\u00f6n vid kvarteret Lejonet i centrala Tomelilla.<\/p>\n<\/div><\/div>\n<\/div><\/div>\n\n\n        <div class=\"container\">\n            <div class=\"row\">\n                <div class=\"col-sm-12\">\n                    <nav aria-label=\"breadcrumb\">\n                        <ol class=\"breadcrumb\">\n                            <li class=\"breadcrumb-item\">\n                                <a href=\"https:\/\/www.welandudemiljo.dk\/sv\/\">Startsida<\/a>\n                            <\/li>\n                                                            <li class=\"breadcrumb-item active\" aria-current=\"page\">\n                                    Fler milj\u00f6hus hos \u00d6sterlenhem                                    0                                <\/li>\n                                                    <\/ol>\n                    <\/nav>\n                <\/div>\n            <\/div>\n        <\/div>\n\n        \n\n\n<div class=\"wp-block-columns alignwide is-layout-flex wp-container-core-columns-is-layout-9d6595d7 wp-block-columns-is-layout-flex\">\n<div class=\"wp-block-column is-layout-flow wp-block-column-is-layout-flow\" style=\"flex-basis:66.66%\">\n<h1 class=\"wp-block-heading\">Fler milj\u00f6hus hos \u00d6sterlenhem<\/h1>\n\n\n\n<p>\u00d6sterlenhem valde Tellus milj\u00f6hus och Ymer cykelskydd med sedumtak fr\u00e5n Weland Utemilj\u00f6 till renoveringen av utemilj\u00f6n vid kvarteret Lejonet i centrala Tomelilla.<\/p>\n\n\n\n<p>&#8211; Vi \u00e4r mycket n\u00f6jda och innerg\u00e5rdarna har verkligen f\u00e5tt ett stort lyft, s\u00e4ger Maria Helin hos \u00d6sterlenhem.<\/p>\n\n\n\n<p><strong>Genomt\u00e4nkta detaljer<\/strong><\/p>\n\n\n\n<p>Tellus och Ymer \u00e4r underh\u00e5llsfria, t\u00e5liga produkter som bidrar till en funktionell utemilj\u00f6 och t\u00e5l att st\u00e5 ute oavsett v\u00e4der. B\u00e5de milj\u00f6huset och cykelskyddet best\u00e4lldes med sedumtak \u2013 en perenn fetbladsv\u00e4xt som skyddar underliggande tak fr\u00e5n v\u00e4der och UV-str\u00e5lning, hj\u00e4lper till att suga upp regnvatten och ger en gr\u00f6n yta p\u00e5 taket.<\/p>\n\n\n\n<p>\u00d6sterlenhem har valt att implementera samma l\u00f6sning \u00e4ven vid kvarteret Lodjuret.<\/p>\n\n\n\n<p>Serneke Anl\u00e4ggning svarar f\u00f6r montage och entreprenad.<\/p>\n\n\n\n<p><\/p>\n<\/div>\n\n\n\n<div class=\"wp-block-column is-layout-flow wp-block-column-is-layout-flow\" style=\"flex-basis:33.33%\">\n<div class=\"wp-block-image\"><figure class=\"aligncenter size-large is-resized\"><img loading=\"lazy\" decoding=\"async\" src=\"http:\/\/localhost:8181\/wp-content\/uploads\/2020\/09\/utomhusspecialisten_galleri-bi00002282-1024x768.jpg\" alt=\"\" class=\"wp-image-1445\" width=\"383\" height=\"287\" srcset=\"https:\/\/www.welandudemiljo.dk\/wp-content\/uploads\/2020\/09\/utomhusspecialisten_galleri-bi00002282-1024x768.jpg 1024w, https:\/\/www.welandudemiljo.dk\/wp-content\/uploads\/2020\/09\/utomhusspecialisten_galleri-bi00002282-300x225.jpg 300w, https:\/\/www.welandudemiljo.dk\/wp-content\/uploads\/2020\/09\/utomhusspecialisten_galleri-bi00002282-768x576.jpg 768w, https:\/\/www.welandudemiljo.dk\/wp-content\/uploads\/2020\/09\/utomhusspecialisten_galleri-bi00002282.jpg 1200w\" sizes=\"auto, (max-width: 383px) 100vw, 383px\" \/><\/figure><\/div>\n\n\n\n<div class=\"wp-block-image\"><figure class=\"aligncenter size-large is-resized\"><img loading=\"lazy\" decoding=\"async\" src=\"http:\/\/localhost:8181\/wp-content\/uploads\/2020\/09\/miljohus_tellus_galleri-bi00002287-2-1024x1024.jpg\" alt=\"\" class=\"wp-image-1446\" width=\"383\" height=\"383\" srcset=\"https:\/\/www.welandudemiljo.dk\/wp-content\/uploads\/2020\/09\/miljohus_tellus_galleri-bi00002287-2-1024x1024.jpg 1024w, https:\/\/www.welandudemiljo.dk\/wp-content\/uploads\/2020\/09\/miljohus_tellus_galleri-bi00002287-2-300x300.jpg 300w, https:\/\/www.welandudemiljo.dk\/wp-content\/uploads\/2020\/09\/miljohus_tellus_galleri-bi00002287-2-150x150.jpg 150w, https:\/\/www.welandudemiljo.dk\/wp-content\/uploads\/2020\/09\/miljohus_tellus_galleri-bi00002287-2-768x768.jpg 768w, https:\/\/www.welandudemiljo.dk\/wp-content\/uploads\/2020\/09\/miljohus_tellus_galleri-bi00002287-2.jpg 1201w\" sizes=\"auto, (max-width: 383px) 100vw, 383px\" \/><\/figure><\/div>\n\n\n\n<p><\/p>\n\n\n\n<div class=\"wp-block-group has-border\"><div class=\"wp-block-group__inner-container is-layout-flow wp-block-group-is-layout-flow\">\n<p><strong>Dela med andra<\/strong><\/p>\n\n\n<div class=\"wp-block-ub-social-share\" id=\"ub-social-share-85fbca19-0eba-462c-b601-99b956a1209c\">\n\t\t\t<div class=\"social-share-icons align-icons-left orientation-icons-row\"><a aria-label=\"facebook-logo\" target=\"_blank\" rel=\"nofollow\" href=\"https:\/\/www.facebook.com\/sharer\/sharer.php?u=https%3A%2F%2Fwww.welandudemiljo.dk%2Fsv%2Ffler-miljohus-hos-osterlenhem%2F&amp;title=Fler%20milj%C3%B6hus%20hos%20%C3%96sterlenhem\" class=\"ub-social-share-facebook-container\" style=\"border-color: #1877f2; \">\n\t\t\t\t<span class=\"social-share-icon ub-social-share-facebook square\" style=\"width: 30px; height: 30px; \"><svg xmlns=\"http:\/\/www.w3.org\/2000\/svg\" style=\"fill:#ffffff\" fill=\"#ffffff\" width=\"20\" height=\"20\" viewbox=\"0 0 264 512\"><path d=\"M76.7 512V283H0v-91h76.7v-71.7C76.7 42.4 124.3 0 193.8 0c33.3 0 61.9 2.5 70.2 3.6V85h-48.2c-37.8 0-45.1 18-45.1 44.3V192H256l-11.7 91h-73.6v229\"><\/path><\/svg><\/span><span style=\"\">share<\/span>\n\t\t\t<\/a><a aria-label=\"linkedin-logo\" target=\"_blank\" rel=\"nofollow\" href=\"https:\/\/www.linkedin.com\/sharing\/share-offsite\/?url=https%3A%2F%2Fwww.welandudemiljo.dk%2Fsv%2Ffler-miljohus-hos-osterlenhem%2F\" class=\"ub-social-share-linkedin-container\" style=\"border-color: #2867b2; \">\n\t\t\t\t<span class=\"social-share-icon ub-social-share-linkedin square\" style=\"width: 30px; height: 30px; \"><svg xmlns=\"http:\/\/www.w3.org\/2000\/svg\" style=\"fill:#ffffff\" fill=\"#ffffff\" width=\"20\" height=\"20\" viewbox=\"0 0 448 512\"><path d=\"M100.3 480H7.4V180.9h92.9V480zM53.8 140.1C24.1 140.1 0 115.5 0 85.8 0 56.1 24.1 32 53.8 32c29.7 0 53.8 24.1 53.8 53.8 0 29.7-24.1 54.3-53.8 54.3zM448 480h-92.7V334.4c0-34.7-.7-79.2-48.3-79.2-48.3 0-55.7 37.7-55.7 76.7V480h-92.8V180.9h89.1v40.8h1.3c12.4-23.5 42.7-48.3 87.9-48.3 94 0 111.3 61.9 111.3 142.3V480z\"><\/path><\/svg><\/span><span style=\"\">share<\/span>\n\t\t\t<\/a><\/div>\n\t\t<\/div><\/div><\/div>\n<\/div>\n<\/div>\n","protected":false},"excerpt":{"rendered":"<p>\u00d6sterlenhem valde Tellus milj\u00f6hus och Ymer cykelskydd med sedumtak fr\u00e5<\/p>\n","protected":false},"author":3,"featured_media":1443,"comment_status":"open","ping_status":"open","sticky":false,"template":"","format":"standard","meta":{"_acf_changed":false,"ub_ctt_via":"","footnotes":""},"categories":[1],"tags":[],"class_list":["post-1442","post","type-post","status-publish","format-standard","has-post-thumbnail","hentry","category-okategoriserad"],"featured_image_src":"https:\/\/www.welandudemiljo.dk\/wp-content\/uploads\/2020\/09\/top_image_tellus30.jpg","author_info":{"display_name":"_idr_info","author_link":"https:\/\/www.welandudemiljo.dk\/sv\/author\/_idr_info\/"},"acf":[],"_links":{"self":[{"href":"https:\/\/www.welandudemiljo.dk\/sv\/wp-json\/wp\/v2\/posts\/1442","targetHints":{"allow":["GET"]}}],"collection":[{"href":"https:\/\/www.welandudemiljo.dk\/sv\/wp-json\/wp\/v2\/posts"}],"about":[{"href":"https:\/\/www.welandudemiljo.dk\/sv\/wp-json\/wp\/v2\/types\/post"}],"author":[{"embeddable":true,"href":"https:\/\/www.welandudemiljo.dk\/sv\/wp-json\/wp\/v2\/users\/3"}],"replies":[{"embeddable":true,"href":"https:\/\/www.welandudemiljo.dk\/sv\/wp-json\/wp\/v2\/comments?post=1442"}],"version-history":[{"count":11,"href":"https:\/\/www.welandudemiljo.dk\/sv\/wp-json\/wp\/v2\/posts\/1442\/revisions"}],"predecessor-version":[{"id":1458,"href":"https:\/\/www.welandudemiljo.dk\/sv\/wp-json\/wp\/v2\/posts\/1442\/revisions\/1458"}],"wp:featuredmedia":[{"embeddable":true,"href":"https:\/\/www.welandudemiljo.dk\/sv\/wp-json\/wp\/v2\/media\/1443"}],"wp:attachment":[{"href":"https:\/\/www.welandudemiljo.dk\/sv\/wp-json\/wp\/v2\/media?parent=1442"}],"wp:term":[{"taxonomy":"category","embeddable":true,"href":"https:\/\/www.welandudemiljo.dk\/sv\/wp-json\/wp\/v2\/categories?post=1442"},{"taxonomy":"post_tag","embeddable":true,"href":"https:\/\/www.welandudemiljo.dk\/sv\/wp-json\/wp\/v2\/tags?post=1442"}],"curies":[{"name":"wp","href":"https:\/\/api.w.org\/{rel}","templated":true}]}}